{"id":24210,"date":"2023-03-30T09:52:35","date_gmt":"2023-03-30T07:52:35","guid":{"rendered":"https:\/\/www.tadano.com\/dach\/about\/news\/tadano-ac-7-450-1-hebt-bohrgeraet\/"},"modified":"2023-12-11T12:06:36","modified_gmt":"2023-12-11T12:06:36","slug":"tadano-ac-7-450-1-hebt-bohrgeraet","status":"publish","type":"news","link":"https:\/\/www.tadano.com\/dach\/de\/news\/tadano-ac-7-450-1-hebt-bohrgeraet\/","title":{"rendered":"Tadano AC 7.450-1 hebt Bohrger\u00e4t"},"content":{"rendered":"\n<p><strong>F\u00fcr Amos Dubacher, Fuhrpark-Leiter bei Welti-Furrer, war klar: \u201eBei diesem Einsatz f\u00fchrte an unserem neuen <a href=\"https:\/\/www.tadano.com\/dach\/de\/hebetechnik\/all-terrain-krane\/ac-7-450-1\/\">Tadano AC 7.450-1<\/a> kein Weg vorbei \u2013 einerseits ist er kompakt genug, um auch mit beengten Platzverh\u00e4ltnissen vor Ort gut zurechtzukommen, und andererseits besitzt er gen\u00fcgende Reichweite, um die Lasten \u00fcber mehrere Hausreihen hinwegzuheben\u201c, berichtet er.<\/strong><\/p>\n\n\n\n<p>Konkret ging es bei diesem Einsatz darum, in einem Wohngebiet in Zumikon bei Z\u00fcrich ein mehrteiliges Bohrger\u00e4t an verschiedenen Standorten zu platzieren, das dort Erdsondenbohungen f\u00fcr Geothermie-Heizungen durchf\u00fchren sollte. Die Herausforderung dabei: Das Wohngebiet selbst bot nur sehr wenig Platz zum Rangieren eines gro\u00dfen Krans und ein Verfahren zwischen den H\u00e4usern, um direkt an die Bohrstellen zu gelangen, war nicht m\u00f6glich. \u201eAlso mussten wir das dreiteilige Ger\u00e4t f\u00fcr jede Bohrung immer wieder vom Rand des Wohngebiets aus versetzen\u201c, berichtet Kranfahrer Robert Wendelspiess.<\/p>\n\n\n\n<p><strong>Millimeterarbeit bei 74 Metern Ausladung<\/strong><\/p>\n\n\n\n<p>Hierf\u00fcr r\u00fcstete das Welti-Furrer Team den 80-Meter-Hauptausleger des AC 7.450-1 zus\u00e4tzlich mit einer 69 Meter langen Wippspitze, sodass die H\u00fcbe mit einer maximalen Ausladung von 74 Metern durchgef\u00fchrt werden konnten. F\u00fcr ausreichende \u201eStandfestigkeit\u201c wurde bei diesem Einsatz das maximale Gegengewicht des Krans von 150 Tonnen in Kombination mit dem optionalen Gegengewichts-Adapterrahmen genutzt, der den Schwenkradius traglaststeigernd vergr\u00f6\u00dfert. So konnte das Team die bis zu 6,9 Tonnen schweren Bauteile des Bohrger\u00e4ts sicher \u00fcber die H\u00e4user hinwegheben. \u201eEin weitere gro\u00dfe Herausforderung bei den H\u00fcben bestand darin, dass wir die Lafette des Bohrger\u00e4ts jedes Mal millimetergenau abheben mussten. Hierbei zeigte sich, dass der AC 7.450-1 ein unglaublich pr\u00e4zise arbeitender Kran ist, der auch bei solch einer gro\u00dfen Ausladung exakt steuerbar ist\u201c, lobt Robert Wendelspiess sein Arbeitsger\u00e4t.<\/p>\n\n\n\n<p><strong>\u201eKompakt wie ein 6-Achser, stark wie ein 8-Achser\u201c<\/strong><\/p>\n\n\n\n<p>Dem kann sich Amos Dubacher nur anschlie\u00dfen: \u201eDer AC 7.450-1 war f\u00fcr diesen Einsatz definitiv der optimale Kran. Er verbindet die kompakte Bauweise eines 6-Achsers in vielen Bereichen mit den Traglasten eines 8-Achsers \u2013 f\u00fcr die schwierigen Verh\u00e4ltnisse vor Ort h\u00e4tten wir uns nichts Besseres w\u00fcnschen k\u00f6nnen. Dass wir diesen au\u00dfergew\u00f6hnlichen Kran im Fuhrpark haben, macht uns schon ziemlich stolz\u201c, res\u00fcmiert er zufrieden.<\/p>\n\n\n\n<figure class=\"wp-block-image size-large\"><img loading=\"lazy\" decoding=\"async\" width=\"1024\" height=\"576\" src=\"https:\/\/www.tadano.com\/dach\/wp-content\/uploads\/sites\/9\/2023\/03\/AC-7.450-Welti_10-1024x576.png\" alt=\"\" class=\"wp-image-24200\" srcset=\"https:\/\/www.tadano.com\/dach\/wp-content\/uploads\/sites\/9\/2023\/03\/AC-7.450-Welti_10-1024x576.png 1024w, https:\/\/www.tadano.com\/dach\/wp-content\/uploads\/sites\/9\/2023\/03\/AC-7.450-Welti_10-300x169.png 300w, https:\/\/www.tadano.com\/dach\/wp-content\/uploads\/sites\/9\/2023\/03\/AC-7.450-Welti_10-768x432.png 768w, https:\/\/www.tadano.com\/dach\/wp-content\/uploads\/sites\/9\/2023\/03\/AC-7.450-Welti_10-1536x864.png 1536w, https:\/\/www.tadano.com\/dach\/wp-content\/uploads\/sites\/9\/2023\/03\/AC-7.450-Welti_10-2048x1152.png 2048w, https:\/\/www.tadano.com\/dach\/wp-content\/uploads\/sites\/9\/2023\/03\/AC-7.450-Welti_10-280x158.png 280w, https:\/\/www.tadano.com\/dach\/wp-content\/uploads\/sites\/9\/2023\/03\/AC-7.450-Welti_10-560x315.png 560w, https:\/\/www.tadano.com\/dach\/wp-content\/uploads\/sites\/9\/2023\/03\/AC-7.450-Welti_10-1920x1080.png 1920w, https:\/\/www.tadano.com\/dach\/wp-content\/uploads\/sites\/9\/2023\/03\/AC-7.450-Welti_10-1200x675.png 1200w, https:\/\/www.tadano.com\/dach\/wp-content\/uploads\/sites\/9\/2023\/03\/AC-7.450-Welti_10-335x188.png 335w, https:\/\/www.tadano.com\/dach\/wp-content\/uploads\/sites\/9\/2023\/03\/AC-7.450-Welti_10-670x377.png 670w\" sizes=\"(max-width: 1024px) 100vw, 1024px\" \/><\/figure>\n\n\n\n<figure class=\"wp-block-image size-large\"><img loading=\"lazy\" decoding=\"async\" width=\"1024\" height=\"576\" src=\"https:\/\/www.tadano.com\/dach\/wp-content\/uploads\/sites\/9\/2023\/03\/AC-7.450-Welti_06-1024x576.png\" alt=\"\" class=\"wp-image-24195\" srcset=\"https:\/\/www.tadano.com\/dach\/wp-content\/uploads\/sites\/9\/2023\/03\/AC-7.450-Welti_06-1024x576.png 1024w, https:\/\/www.tadano.com\/dach\/wp-content\/uploads\/sites\/9\/2023\/03\/AC-7.450-Welti_06-300x169.png 300w, https:\/\/www.tadano.com\/dach\/wp-content\/uploads\/sites\/9\/2023\/03\/AC-7.450-Welti_06-768x432.png 768w, https:\/\/www.tadano.com\/dach\/wp-content\/uploads\/sites\/9\/2023\/03\/AC-7.450-Welti_06-1536x864.png 1536w, https:\/\/www.tadano.com\/dach\/wp-content\/uploads\/sites\/9\/2023\/03\/AC-7.450-Welti_06-2048x1152.png 2048w, https:\/\/www.tadano.com\/dach\/wp-content\/uploads\/sites\/9\/2023\/03\/AC-7.450-Welti_06-280x158.png 280w, https:\/\/www.tadano.com\/dach\/wp-content\/uploads\/sites\/9\/2023\/03\/AC-7.450-Welti_06-560x315.png 560w, https:\/\/www.tadano.com\/dach\/wp-content\/uploads\/sites\/9\/2023\/03\/AC-7.450-Welti_06-1920x1080.png 1920w, https:\/\/www.tadano.com\/dach\/wp-content\/uploads\/sites\/9\/2023\/03\/AC-7.450-Welti_06-1200x675.png 1200w, https:\/\/www.tadano.com\/dach\/wp-content\/uploads\/sites\/9\/2023\/03\/AC-7.450-Welti_06-335x188.png 335w, https:\/\/www.tadano.com\/dach\/wp-content\/uploads\/sites\/9\/2023\/03\/AC-7.450-Welti_06-670x377.png 670w\" sizes=\"(max-width: 1024px) 100vw, 1024px\" \/><\/figure>\n\n\n\n<figure class=\"wp-block-image size-large\"><img loading=\"lazy\" decoding=\"async\" width=\"1024\" height=\"576\" src=\"https:\/\/www.tadano.com\/dach\/wp-content\/uploads\/sites\/9\/2023\/03\/AC-7.450-Welti_09-1024x576.png\" alt=\"\" class=\"wp-image-24205\" srcset=\"https:\/\/www.tadano.com\/dach\/wp-content\/uploads\/sites\/9\/2023\/03\/AC-7.450-Welti_09-1024x576.png 1024w, https:\/\/www.tadano.com\/dach\/wp-content\/uploads\/sites\/9\/2023\/03\/AC-7.450-Welti_09-300x169.png 300w, https:\/\/www.tadano.com\/dach\/wp-content\/uploads\/sites\/9\/2023\/03\/AC-7.450-Welti_09-768x432.png 768w, https:\/\/www.tadano.com\/dach\/wp-content\/uploads\/sites\/9\/2023\/03\/AC-7.450-Welti_09-1536x864.png 1536w, https:\/\/www.tadano.com\/dach\/wp-content\/uploads\/sites\/9\/2023\/03\/AC-7.450-Welti_09-2048x1152.png 2048w, https:\/\/www.tadano.com\/dach\/wp-content\/uploads\/sites\/9\/2023\/03\/AC-7.450-Welti_09-280x158.png 280w, https:\/\/www.tadano.com\/dach\/wp-content\/uploads\/sites\/9\/2023\/03\/AC-7.450-Welti_09-560x315.png 560w, https:\/\/www.tadano.com\/dach\/wp-content\/uploads\/sites\/9\/2023\/03\/AC-7.450-Welti_09-1920x1080.png 1920w, https:\/\/www.tadano.com\/dach\/wp-content\/uploads\/sites\/9\/2023\/03\/AC-7.450-Welti_09-1200x675.png 1200w, https:\/\/www.tadano.com\/dach\/wp-content\/uploads\/sites\/9\/2023\/03\/AC-7.450-Welti_09-335x188.png 335w, https:\/\/www.tadano.com\/dach\/wp-content\/uploads\/sites\/9\/2023\/03\/AC-7.450-Welti_09-670x377.png 670w\" sizes=\"(max-width: 1024px) 100vw, 1024px\" \/><\/figure>\n","protected":false},"featured_media":24196,"parent":0,"template":"","news_topics":[184],"acf":[],"yoast_head":"<!-- This site is optimized with the Yoast SEO plugin v22.3 - https:\/\/yoast.com\/wordpress\/plugins\/seo\/ -->\n<title>Tadano AC 7.450-1 hebt Bohrger\u00e4t<\/title>\n<meta name=\"robots\" content=\"index, follow, max-snippet:-1, max-image-preview:large, max-video-preview:-1\" \/>\n<link rel=\"canonical\" href=\"https:\/\/www.tadano.com\/dach\/de\/about\/news\/tadano-ac-7-450-1-hebt-bohrgeraet\/\" \/>\n<meta property=\"og:locale\" content=\"de_DE\" \/>\n<meta property=\"og:type\" content=\"article\" \/>\n<meta property=\"og:title\" content=\"Tadano AC 7.450-1 hebt Bohrger\u00e4t\" \/>\n<meta property=\"og:description\" content=\"F\u00fcr Amos Dubacher, Fuhrpark-Leiter bei Welti-Furrer, war klar: \u201eBei diesem Einsatz f\u00fchrte an unserem neuen Tadano AC 7.450-1 kein Weg vorbei \u2013 einerseits ist er kompakt genug, um auch mit beengten Platzverh\u00e4ltnissen vor Ort gut zurechtzukommen, und andererseits besitzt er gen\u00fcgende Reichweite, um die Lasten \u00fcber mehrere Hausreihen hinwegzuheben\u201c, berichtet er. Konkret ging es bei [&hellip;]\" \/>\n<meta property=\"og:url\" content=\"https:\/\/www.tadano.com\/dach\/de\/about\/news\/tadano-ac-7-450-1-hebt-bohrgeraet\/\" \/>\n<meta property=\"og:site_name\" content=\"DACH\" \/>\n<meta property=\"article:modified_time\" content=\"2023-12-11T12:06:36+00:00\" \/>\n<meta property=\"og:image\" content=\"https:\/\/www.tadano.com\/dach\/wp-content\/uploads\/sites\/9\/2023\/03\/AC-7.450-Welti_06-1024x576.png\" \/>\n\t<meta property=\"og:image:width\" content=\"1024\" \/>\n\t<meta property=\"og:image:height\" content=\"576\" \/>\n\t<meta property=\"og:image:type\" content=\"image\/png\" \/>\n<meta name=\"twitter:card\" content=\"summary_large_image\" \/>\n<meta name=\"twitter:label1\" content=\"Gesch\u00e4tzte Lesezeit\" \/>\n\t<meta name=\"twitter:data1\" content=\"3\u00a0Minuten\" \/>\n<script type=\"application\/ld+json\" class=\"yoast-schema-graph\">{\"@context\":\"https:\/\/schema.org\",\"@graph\":[{\"@type\":\"WebPage\",\"@id\":\"https:\/\/www.tadano.com\/dach\/de\/about\/news\/tadano-ac-7-450-1-hebt-bohrgeraet\/\",\"url\":\"https:\/\/www.tadano.com\/dach\/de\/about\/news\/tadano-ac-7-450-1-hebt-bohrgeraet\/\",\"name\":\"Tadano AC 7.450-1 hebt Bohrger\u00e4t\",\"isPartOf\":{\"@id\":\"https:\/\/www.tadano.com\/dach\/en\/#website\"},\"primaryImageOfPage\":{\"@id\":\"https:\/\/www.tadano.com\/dach\/de\/about\/news\/tadano-ac-7-450-1-hebt-bohrgeraet\/#primaryimage\"},\"image\":{\"@id\":\"https:\/\/www.tadano.com\/dach\/de\/about\/news\/tadano-ac-7-450-1-hebt-bohrgeraet\/#primaryimage\"},\"thumbnailUrl\":\"https:\/\/www.tadano.com\/dach\/wp-content\/uploads\/sites\/9\/2023\/03\/AC-7.450-Welti_06.png\",\"datePublished\":\"2023-03-30T07:52:35+00:00\",\"dateModified\":\"2023-12-11T12:06:36+00:00\",\"inLanguage\":\"de\",\"potentialAction\":[{\"@type\":\"ReadAction\",\"target\":[\"https:\/\/www.tadano.com\/dach\/de\/about\/news\/tadano-ac-7-450-1-hebt-bohrgeraet\/\"]}]},{\"@type\":\"ImageObject\",\"inLanguage\":\"de\",\"@id\":\"https:\/\/www.tadano.com\/dach\/de\/about\/news\/tadano-ac-7-450-1-hebt-bohrgeraet\/#primaryimage\",\"url\":\"https:\/\/www.tadano.com\/dach\/wp-content\/uploads\/sites\/9\/2023\/03\/AC-7.450-Welti_06.png\",\"contentUrl\":\"https:\/\/www.tadano.com\/dach\/wp-content\/uploads\/sites\/9\/2023\/03\/AC-7.450-Welti_06.png\",\"width\":3840,\"height\":2160},{\"@type\":\"WebSite\",\"@id\":\"https:\/\/www.tadano.com\/dach\/en\/#website\",\"url\":\"https:\/\/www.tadano.com\/dach\/en\/\",\"name\":\"DACH\",\"description\":\"Just another TADANO EUROPE site\",\"potentialAction\":[{\"@type\":\"SearchAction\",\"target\":{\"@type\":\"EntryPoint\",\"urlTemplate\":\"https:\/\/www.tadano.com\/dach\/en\/?s={search_term_string}\"},\"query-input\":\"required name=search_term_string\"}],\"inLanguage\":\"de\"}]}<\/script>\n<!-- \/ Yoast SEO plugin. -->","yoast_head_json":{"title":"Tadano AC 7.450-1 hebt Bohrger\u00e4t","robots":{"index":"index","follow":"follow","max-snippet":"max-snippet:-1","max-image-preview":"max-image-preview:large","max-video-preview":"max-video-preview:-1"},"canonical":"https:\/\/www.tadano.com\/dach\/de\/about\/news\/tadano-ac-7-450-1-hebt-bohrgeraet\/","og_locale":"de_DE","og_type":"article","og_title":"Tadano AC 7.450-1 hebt Bohrger\u00e4t","og_description":"F\u00fcr Amos Dubacher, Fuhrpark-Leiter bei Welti-Furrer, war klar: \u201eBei diesem Einsatz f\u00fchrte an unserem neuen Tadano AC 7.450-1 kein Weg vorbei \u2013 einerseits ist er kompakt genug, um auch mit beengten Platzverh\u00e4ltnissen vor Ort gut zurechtzukommen, und andererseits besitzt er gen\u00fcgende Reichweite, um die Lasten \u00fcber mehrere Hausreihen hinwegzuheben\u201c, berichtet er. Konkret ging es bei [&hellip;]","og_url":"https:\/\/www.tadano.com\/dach\/de\/about\/news\/tadano-ac-7-450-1-hebt-bohrgeraet\/","og_site_name":"DACH","article_modified_time":"2023-12-11T12:06:36+00:00","og_image":[{"width":1024,"height":576,"url":"https:\/\/www.tadano.com\/dach\/wp-content\/uploads\/sites\/9\/2023\/03\/AC-7.450-Welti_06-1024x576.png","type":"image\/png"}],"twitter_card":"summary_large_image","twitter_misc":{"Gesch\u00e4tzte Lesezeit":"3\u00a0Minuten"},"schema":{"@context":"https:\/\/schema.org","@graph":[{"@type":"WebPage","@id":"https:\/\/www.tadano.com\/dach\/de\/about\/news\/tadano-ac-7-450-1-hebt-bohrgeraet\/","url":"https:\/\/www.tadano.com\/dach\/de\/about\/news\/tadano-ac-7-450-1-hebt-bohrgeraet\/","name":"Tadano AC 7.450-1 hebt Bohrger\u00e4t","isPartOf":{"@id":"https:\/\/www.tadano.com\/dach\/en\/#website"},"primaryImageOfPage":{"@id":"https:\/\/www.tadano.com\/dach\/de\/about\/news\/tadano-ac-7-450-1-hebt-bohrgeraet\/#primaryimage"},"image":{"@id":"https:\/\/www.tadano.com\/dach\/de\/about\/news\/tadano-ac-7-450-1-hebt-bohrgeraet\/#primaryimage"},"thumbnailUrl":"https:\/\/www.tadano.com\/dach\/wp-content\/uploads\/sites\/9\/2023\/03\/AC-7.450-Welti_06.png","datePublished":"2023-03-30T07:52:35+00:00","dateModified":"2023-12-11T12:06:36+00:00","inLanguage":"de","potentialAction":[{"@type":"ReadAction","target":["https:\/\/www.tadano.com\/dach\/de\/about\/news\/tadano-ac-7-450-1-hebt-bohrgeraet\/"]}]},{"@type":"ImageObject","inLanguage":"de","@id":"https:\/\/www.tadano.com\/dach\/de\/about\/news\/tadano-ac-7-450-1-hebt-bohrgeraet\/#primaryimage","url":"https:\/\/www.tadano.com\/dach\/wp-content\/uploads\/sites\/9\/2023\/03\/AC-7.450-Welti_06.png","contentUrl":"https:\/\/www.tadano.com\/dach\/wp-content\/uploads\/sites\/9\/2023\/03\/AC-7.450-Welti_06.png","width":3840,"height":2160},{"@type":"WebSite","@id":"https:\/\/www.tadano.com\/dach\/en\/#website","url":"https:\/\/www.tadano.com\/dach\/en\/","name":"DACH","description":"Just another TADANO EUROPE site","potentialAction":[{"@type":"SearchAction","target":{"@type":"EntryPoint","urlTemplate":"https:\/\/www.tadano.com\/dach\/en\/?s={search_term_string}"},"query-input":"required name=search_term_string"}],"inLanguage":"de"}]}},"_links":{"self":[{"href":"https:\/\/www.tadano.com\/dach\/de\/wp-json\/wp\/v2\/news\/24210"}],"collection":[{"href":"https:\/\/www.tadano.com\/dach\/de\/wp-json\/wp\/v2\/news"}],"about":[{"href":"https:\/\/www.tadano.com\/dach\/de\/wp-json\/wp\/v2\/types\/news"}],"version-history":[{"count":0,"href":"https:\/\/www.tadano.com\/dach\/de\/wp-json\/wp\/v2\/news\/24210\/revisions"}],"wp:featuredmedia":[{"embeddable":true,"href":"https:\/\/www.tadano.com\/dach\/de\/wp-json\/wp\/v2\/media\/24196"}],"wp:attachment":[{"href":"https:\/\/www.tadano.com\/dach\/de\/wp-json\/wp\/v2\/media?parent=24210"}],"wp:term":[{"taxonomy":"news_topics","embeddable":true,"href":"https:\/\/www.tadano.com\/dach\/de\/wp-json\/wp\/v2\/news_topics?post=24210"}],"curies":[{"name":"wp","href":"https:\/\/api.w.org\/{rel}","templated":true}]}}