{"id":24812,"date":"2023-11-06T14:28:21","date_gmt":"2023-11-06T13:28:21","guid":{"rendered":"https:\/\/www.tadano.com\/dach\/about\/news\/tadano-ernennt-lloyd-gee-nyland-zum-business-leader-fuer-vereinigtes-koenigreich-und-irland\/"},"modified":"2023-12-11T11:31:00","modified_gmt":"2023-12-11T11:31:00","slug":"tadano-ernennt-lloyd-gee-nyland-zum-business-leader-fuer-vereinigtes-koenigreich-und-irland","status":"publish","type":"news","link":"https:\/\/www.tadano.com\/dach\/de\/news\/tadano-ernennt-lloyd-gee-nyland-zum-business-leader-fuer-vereinigtes-koenigreich-und-irland\/","title":{"rendered":"Tadano ernennt Lloyd Gee-Nyland zum Business Leader f\u00fcr Vereinigtes K\u00f6nigreich und Irland"},"content":{"rendered":"\n<p><strong>Tadano gibt die Ernennung von Lloyd Gee-Nyland zum Business Leader f\u00fcr das Vereinigte K\u00f6nigreich und Irland mit Wirkung zum 30. Oktober 2023 bekannt.<\/strong><\/p>\n\n\n\n<p>Gee-Nyland bringt eine umfangreiche Erfahrungspalette in seine neue Rolle ein \u2013 er war seit Januar 2021 als Managing Director eines f\u00fchrenden Vermietunternehmens f\u00fcr Turmdrehkrane t\u00e4tig. In dieser Position demonstrierte er herausragende F\u00fchrungsqualit\u00e4ten: Er lenkte mit gro\u00dfem Erfolg die Strategie und die Finanzplanung und hatte entscheidenden Einfluss auf die Gesamtleistung des Unternehmens.<\/p>\n\n\n\n<p>Zuvor bekleidete Gee-Nyland im selben Unternehmen die Positionen General Manager und Sales Manager, in deren Rahmen er verschiedene Initiativen vorantrieb, wie die Implementierung eines Vertriebs-CRM-Systems und &nbsp;Projekte im Bereich Digitalisierung zur Steigerung der Effizienz.<\/p>\n\n\n\n<p>Weitere Stationen seiner beeindruckenden Laufbahn waren Aufgaben im Gro\u00dfkranvertrieb und in der Gesch\u00e4ftsentwicklung sowie F\u00fchrungspositionen in mehreren Unternehmen der Kran- und Hebe-Industrie-, wo er seine F\u00e4higkeiten in den Bereichen Vertrieb, Kundenbetreuung und Vertragsverhandlungen ausweiten konnte.<\/p>\n\n\n\n<p>Lloyd Gee-Nyland verf\u00fcgt \u00fcber einen Bachelor-Abschluss in Management und Marketing der Universit\u00e4t Hull und hat sich im Laufe seiner Karriere kontinuierlich weitergebildet.<\/p>\n\n\n\n<p>Mit seiner anerkannt starken F\u00fchrungsqualit\u00e4t, seinem umfassenden Wissen \u00fcber Strategien des Finanzmanagements und nicht zuletzt seinem ausgepr\u00e4gten Unternehmergeist bringt er alle Voraussetzungen mit, um das Tadano Gesch\u00e4ft im Vereinigten K\u00f6nigreich und Irland erfolgreich zu f\u00fchren.<\/p>\n\n\n\n<p>\u201eWir sind gl\u00fccklich, Lloyd Gee-Nyland in der Tadano Familie willkommen zu hei\u00dfen. Seine nachweisliche Erfolgsbilanz, genauso wie sein strategischer Weitblick, werden gewiss &nbsp;zum nachhaltigen Wachstum und Erfolg von Tadano in UK und Irland beitragen\u201c, betont Takeshi Motoyama, Executive Vice President Sales f\u00fcr Tadano Europa.<\/p>\n\n\n\n<p>Ebenso erfreut \u00e4u\u00dfert sich Lloyd Gee-Nyland zu seinen neuen Aufgaben: \u201eIch f\u00fchle mich geehrt, bei Tadano aufgenommen zu werden, um das Team in Gro\u00dfbritannien und Irland zu leiten. Das Engagement von Tadano f\u00fcr Innovation und Spitzenleistungen deckt sich mit meinen Werten, und ich kann es kaum erwarten, meinen bescheidenen Beitrag zum Erfolg des Unternehmens in der Region zu leisten.\u201c<\/p>\n\n\n\n<figure class=\"wp-block-image size-full\"><img loading=\"lazy\" decoding=\"async\" width=\"768\" height=\"1024\" src=\"https:\/\/www.tadano.com\/dach\/wp-content\/uploads\/sites\/9\/2023\/11\/Lloyd-Gee-Nyland.jpg\" alt=\"\" class=\"wp-image-24809\" srcset=\"https:\/\/www.tadano.com\/dach\/wp-content\/uploads\/sites\/9\/2023\/11\/Lloyd-Gee-Nyland.jpg 768w, https:\/\/www.tadano.com\/dach\/wp-content\/uploads\/sites\/9\/2023\/11\/Lloyd-Gee-Nyland-225x300.jpg 225w, https:\/\/www.tadano.com\/dach\/wp-content\/uploads\/sites\/9\/2023\/11\/Lloyd-Gee-Nyland-280x373.jpg 280w, https:\/\/www.tadano.com\/dach\/wp-content\/uploads\/sites\/9\/2023\/11\/Lloyd-Gee-Nyland-560x747.jpg 560w, https:\/\/www.tadano.com\/dach\/wp-content\/uploads\/sites\/9\/2023\/11\/Lloyd-Gee-Nyland-251x335.jpg 251w, https:\/\/www.tadano.com\/dach\/wp-content\/uploads\/sites\/9\/2023\/11\/Lloyd-Gee-Nyland-503x670.jpg 503w\" sizes=\"(max-width: 768px) 100vw, 768px\" \/><figcaption>Lloyd Gee-Nyland<\/figcaption><\/figure>\n","protected":false},"featured_media":24809,"parent":0,"template":"","news_topics":[182],"acf":[],"yoast_head":"<!-- This site is optimized with the Yoast SEO plugin v22.3 - https:\/\/yoast.com\/wordpress\/plugins\/seo\/ -->\n<title>Tadano ernennt Lloyd Gee-Nyland zum Business Leader f\u00fcr Vereinigtes K\u00f6nigreich und Irland<\/title>\n<meta name=\"robots\" content=\"index, follow, max-snippet:-1, max-image-preview:large, max-video-preview:-1\" \/>\n<link rel=\"canonical\" href=\"https:\/\/www.tadano.com\/dach\/de\/about\/news\/tadano-ernennt-lloyd-gee-nyland-zum-business-leader-fuer-vereinigtes-koenigreich-und-irland\/\" \/>\n<meta property=\"og:locale\" content=\"de_DE\" \/>\n<meta property=\"og:type\" content=\"article\" \/>\n<meta property=\"og:title\" content=\"Tadano ernennt Lloyd Gee-Nyland zum Business Leader f\u00fcr Vereinigtes K\u00f6nigreich und Irland\" \/>\n<meta property=\"og:description\" content=\"Tadano gibt die Ernennung von Lloyd Gee-Nyland zum Business Leader f\u00fcr das Vereinigte K\u00f6nigreich und Irland mit Wirkung zum 30. Oktober 2023 bekannt. Gee-Nyland bringt eine umfangreiche Erfahrungspalette in seine neue Rolle ein \u2013 er war seit Januar 2021 als Managing Director eines f\u00fchrenden Vermietunternehmens f\u00fcr Turmdrehkrane t\u00e4tig. In dieser Position demonstrierte er herausragende F\u00fchrungsqualit\u00e4ten: [&hellip;]\" \/>\n<meta property=\"og:url\" content=\"https:\/\/www.tadano.com\/dach\/de\/about\/news\/tadano-ernennt-lloyd-gee-nyland-zum-business-leader-fuer-vereinigtes-koenigreich-und-irland\/\" \/>\n<meta property=\"og:site_name\" content=\"DACH\" \/>\n<meta property=\"article:modified_time\" content=\"2023-12-11T11:31:00+00:00\" \/>\n<meta property=\"og:image\" content=\"https:\/\/www.tadano.com\/dach\/wp-content\/uploads\/sites\/9\/2023\/11\/Lloyd-Gee-Nyland.jpg\" \/>\n\t<meta property=\"og:image:width\" content=\"768\" \/>\n\t<meta property=\"og:image:height\" content=\"1024\" \/>\n\t<meta property=\"og:image:type\" content=\"image\/jpeg\" \/>\n<meta name=\"twitter:card\" content=\"summary_large_image\" \/>\n<meta name=\"twitter:label1\" content=\"Gesch\u00e4tzte Lesezeit\" \/>\n\t<meta name=\"twitter:data1\" content=\"2\u00a0Minuten\" \/>\n<script type=\"application\/ld+json\" class=\"yoast-schema-graph\">{\"@context\":\"https:\/\/schema.org\",\"@graph\":[{\"@type\":\"WebPage\",\"@id\":\"https:\/\/www.tadano.com\/dach\/de\/about\/news\/tadano-ernennt-lloyd-gee-nyland-zum-business-leader-fuer-vereinigtes-koenigreich-und-irland\/\",\"url\":\"https:\/\/www.tadano.com\/dach\/de\/about\/news\/tadano-ernennt-lloyd-gee-nyland-zum-business-leader-fuer-vereinigtes-koenigreich-und-irland\/\",\"name\":\"Tadano ernennt Lloyd Gee-Nyland zum Business Leader f\u00fcr Vereinigtes K\u00f6nigreich und Irland\",\"isPartOf\":{\"@id\":\"https:\/\/www.tadano.com\/dach\/en\/#website\"},\"primaryImageOfPage\":{\"@id\":\"https:\/\/www.tadano.com\/dach\/de\/about\/news\/tadano-ernennt-lloyd-gee-nyland-zum-business-leader-fuer-vereinigtes-koenigreich-und-irland\/#primaryimage\"},\"image\":{\"@id\":\"https:\/\/www.tadano.com\/dach\/de\/about\/news\/tadano-ernennt-lloyd-gee-nyland-zum-business-leader-fuer-vereinigtes-koenigreich-und-irland\/#primaryimage\"},\"thumbnailUrl\":\"https:\/\/www.tadano.com\/dach\/wp-content\/uploads\/sites\/9\/2023\/11\/Lloyd-Gee-Nyland.jpg\",\"datePublished\":\"2023-11-06T13:28:21+00:00\",\"dateModified\":\"2023-12-11T11:31:00+00:00\",\"inLanguage\":\"de\",\"potentialAction\":[{\"@type\":\"ReadAction\",\"target\":[\"https:\/\/www.tadano.com\/dach\/de\/about\/news\/tadano-ernennt-lloyd-gee-nyland-zum-business-leader-fuer-vereinigtes-koenigreich-und-irland\/\"]}]},{\"@type\":\"ImageObject\",\"inLanguage\":\"de\",\"@id\":\"https:\/\/www.tadano.com\/dach\/de\/about\/news\/tadano-ernennt-lloyd-gee-nyland-zum-business-leader-fuer-vereinigtes-koenigreich-und-irland\/#primaryimage\",\"url\":\"https:\/\/www.tadano.com\/dach\/wp-content\/uploads\/sites\/9\/2023\/11\/Lloyd-Gee-Nyland.jpg\",\"contentUrl\":\"https:\/\/www.tadano.com\/dach\/wp-content\/uploads\/sites\/9\/2023\/11\/Lloyd-Gee-Nyland.jpg\",\"width\":768,\"height\":1024},{\"@type\":\"WebSite\",\"@id\":\"https:\/\/www.tadano.com\/dach\/en\/#website\",\"url\":\"https:\/\/www.tadano.com\/dach\/en\/\",\"name\":\"DACH\",\"description\":\"Just another TADANO EUROPE site\",\"potentialAction\":[{\"@type\":\"SearchAction\",\"target\":{\"@type\":\"EntryPoint\",\"urlTemplate\":\"https:\/\/www.tadano.com\/dach\/en\/?s={search_term_string}\"},\"query-input\":\"required name=search_term_string\"}],\"inLanguage\":\"de\"}]}<\/script>\n<!-- \/ Yoast SEO plugin. -->","yoast_head_json":{"title":"Tadano ernennt Lloyd Gee-Nyland zum Business Leader f\u00fcr Vereinigtes K\u00f6nigreich und Irland","robots":{"index":"index","follow":"follow","max-snippet":"max-snippet:-1","max-image-preview":"max-image-preview:large","max-video-preview":"max-video-preview:-1"},"canonical":"https:\/\/www.tadano.com\/dach\/de\/about\/news\/tadano-ernennt-lloyd-gee-nyland-zum-business-leader-fuer-vereinigtes-koenigreich-und-irland\/","og_locale":"de_DE","og_type":"article","og_title":"Tadano ernennt Lloyd Gee-Nyland zum Business Leader f\u00fcr Vereinigtes K\u00f6nigreich und Irland","og_description":"Tadano gibt die Ernennung von Lloyd Gee-Nyland zum Business Leader f\u00fcr das Vereinigte K\u00f6nigreich und Irland mit Wirkung zum 30. Oktober 2023 bekannt. Gee-Nyland bringt eine umfangreiche Erfahrungspalette in seine neue Rolle ein \u2013 er war seit Januar 2021 als Managing Director eines f\u00fchrenden Vermietunternehmens f\u00fcr Turmdrehkrane t\u00e4tig. In dieser Position demonstrierte er herausragende F\u00fchrungsqualit\u00e4ten: [&hellip;]","og_url":"https:\/\/www.tadano.com\/dach\/de\/about\/news\/tadano-ernennt-lloyd-gee-nyland-zum-business-leader-fuer-vereinigtes-koenigreich-und-irland\/","og_site_name":"DACH","article_modified_time":"2023-12-11T11:31:00+00:00","og_image":[{"width":768,"height":1024,"url":"https:\/\/www.tadano.com\/dach\/wp-content\/uploads\/sites\/9\/2023\/11\/Lloyd-Gee-Nyland.jpg","type":"image\/jpeg"}],"twitter_card":"summary_large_image","twitter_misc":{"Gesch\u00e4tzte Lesezeit":"2\u00a0Minuten"},"schema":{"@context":"https:\/\/schema.org","@graph":[{"@type":"WebPage","@id":"https:\/\/www.tadano.com\/dach\/de\/about\/news\/tadano-ernennt-lloyd-gee-nyland-zum-business-leader-fuer-vereinigtes-koenigreich-und-irland\/","url":"https:\/\/www.tadano.com\/dach\/de\/about\/news\/tadano-ernennt-lloyd-gee-nyland-zum-business-leader-fuer-vereinigtes-koenigreich-und-irland\/","name":"Tadano ernennt Lloyd Gee-Nyland zum Business Leader f\u00fcr Vereinigtes K\u00f6nigreich und Irland","isPartOf":{"@id":"https:\/\/www.tadano.com\/dach\/en\/#website"},"primaryImageOfPage":{"@id":"https:\/\/www.tadano.com\/dach\/de\/about\/news\/tadano-ernennt-lloyd-gee-nyland-zum-business-leader-fuer-vereinigtes-koenigreich-und-irland\/#primaryimage"},"image":{"@id":"https:\/\/www.tadano.com\/dach\/de\/about\/news\/tadano-ernennt-lloyd-gee-nyland-zum-business-leader-fuer-vereinigtes-koenigreich-und-irland\/#primaryimage"},"thumbnailUrl":"https:\/\/www.tadano.com\/dach\/wp-content\/uploads\/sites\/9\/2023\/11\/Lloyd-Gee-Nyland.jpg","datePublished":"2023-11-06T13:28:21+00:00","dateModified":"2023-12-11T11:31:00+00:00","inLanguage":"de","potentialAction":[{"@type":"ReadAction","target":["https:\/\/www.tadano.com\/dach\/de\/about\/news\/tadano-ernennt-lloyd-gee-nyland-zum-business-leader-fuer-vereinigtes-koenigreich-und-irland\/"]}]},{"@type":"ImageObject","inLanguage":"de","@id":"https:\/\/www.tadano.com\/dach\/de\/about\/news\/tadano-ernennt-lloyd-gee-nyland-zum-business-leader-fuer-vereinigtes-koenigreich-und-irland\/#primaryimage","url":"https:\/\/www.tadano.com\/dach\/wp-content\/uploads\/sites\/9\/2023\/11\/Lloyd-Gee-Nyland.jpg","contentUrl":"https:\/\/www.tadano.com\/dach\/wp-content\/uploads\/sites\/9\/2023\/11\/Lloyd-Gee-Nyland.jpg","width":768,"height":1024},{"@type":"WebSite","@id":"https:\/\/www.tadano.com\/dach\/en\/#website","url":"https:\/\/www.tadano.com\/dach\/en\/","name":"DACH","description":"Just another TADANO EUROPE site","potentialAction":[{"@type":"SearchAction","target":{"@type":"EntryPoint","urlTemplate":"https:\/\/www.tadano.com\/dach\/en\/?s={search_term_string}"},"query-input":"required name=search_term_string"}],"inLanguage":"de"}]}},"_links":{"self":[{"href":"https:\/\/www.tadano.com\/dach\/de\/wp-json\/wp\/v2\/news\/24812"}],"collection":[{"href":"https:\/\/www.tadano.com\/dach\/de\/wp-json\/wp\/v2\/news"}],"about":[{"href":"https:\/\/www.tadano.com\/dach\/de\/wp-json\/wp\/v2\/types\/news"}],"version-history":[{"count":0,"href":"https:\/\/www.tadano.com\/dach\/de\/wp-json\/wp\/v2\/news\/24812\/revisions"}],"wp:featuredmedia":[{"embeddable":true,"href":"https:\/\/www.tadano.com\/dach\/de\/wp-json\/wp\/v2\/media\/24809"}],"wp:attachment":[{"href":"https:\/\/www.tadano.com\/dach\/de\/wp-json\/wp\/v2\/media?parent=24812"}],"wp:term":[{"taxonomy":"news_topics","embeddable":true,"href":"https:\/\/www.tadano.com\/dach\/de\/wp-json\/wp\/v2\/news_topics?post=24812"}],"curies":[{"name":"wp","href":"https:\/\/api.w.org\/{rel}","templated":true}]}}