{"id":25400,"date":"2024-04-11T13:41:30","date_gmt":"2024-04-11T11:41:30","guid":{"rendered":"https:\/\/www.tadano.com\/dach\/news\/steil-uebernimmt-tadano-ac-6-300-1-all-terrain-kran\/"},"modified":"2024-04-11T13:41:30","modified_gmt":"2024-04-11T11:41:30","slug":"steil-uebernimmt-tadano-ac-6-300-1-all-terrain-kran","status":"publish","type":"news","link":"https:\/\/www.tadano.com\/dach\/de\/news\/steil-uebernimmt-tadano-ac-6-300-1-all-terrain-kran\/","title":{"rendered":"Steil \u00fcbernimmt Tadano AC 6.300-1 All-Terrain-Kran"},"content":{"rendered":"\n<figure class=\"wp-block-image size-full\"><img loading=\"lazy\" decoding=\"async\" width=\"1024\" height=\"683\" src=\"https:\/\/www.tadano.com\/dach\/wp-content\/uploads\/sites\/9\/2024\/04\/Steil_AC-6.300-1.jpg\" alt=\"\" class=\"wp-image-25397\" srcset=\"https:\/\/www.tadano.com\/dach\/wp-content\/uploads\/sites\/9\/2024\/04\/Steil_AC-6.300-1.jpg 1024w, https:\/\/www.tadano.com\/dach\/wp-content\/uploads\/sites\/9\/2024\/04\/Steil_AC-6.300-1-300x200.jpg 300w, https:\/\/www.tadano.com\/dach\/wp-content\/uploads\/sites\/9\/2024\/04\/Steil_AC-6.300-1-768x512.jpg 768w, https:\/\/www.tadano.com\/dach\/wp-content\/uploads\/sites\/9\/2024\/04\/Steil_AC-6.300-1-350x233.jpg 350w, https:\/\/www.tadano.com\/dach\/wp-content\/uploads\/sites\/9\/2024\/04\/Steil_AC-6.300-1-280x187.jpg 280w, https:\/\/www.tadano.com\/dach\/wp-content\/uploads\/sites\/9\/2024\/04\/Steil_AC-6.300-1-560x374.jpg 560w, https:\/\/www.tadano.com\/dach\/wp-content\/uploads\/sites\/9\/2024\/04\/Steil_AC-6.300-1-335x223.jpg 335w, https:\/\/www.tadano.com\/dach\/wp-content\/uploads\/sites\/9\/2024\/04\/Steil_AC-6.300-1-670x447.jpg 670w\" sizes=\"(max-width: 1024px) 100vw, 1024px\" \/><figcaption class=\"wp-element-caption\">Von links nach rechts: Dominik Reich (Service Techniker, Tadano), Dieter Altmeyer und Daniel Sch\u00e4fer (Kranfahrer, Steil), Frank Brachtendorf (Head of Sales DACH, Tadano)<\/figcaption><\/figure>\n\n\n\n<p>F\u00fcr Daniel G\u00f6dert, Gesch\u00e4ftsf\u00fchrer bei Steil, steht es au\u00dfer Frage: \u201eDer <strong><a href=\"https:\/\/www.tadano.com\/dach\/de\/hebetechnik\/all-terrain-krane\/ac-6-300-1\/\">Tadano AC 6.300-1<\/a><\/strong> z\u00e4hlt zweifellos zum Besten, was der Markt an 6-Achsern zu bieten hat\u201c, erkl\u00e4rte er bei der \u00dcbernahme des neuen Krans bei Tadano in Zweibr\u00fccken. \u00dcbergeben wurde der AC 6.300-1 vom Tadano Verkaufsleiter f\u00fcr Deutschland, \u00d6sterreich und die Schweiz, Frank Brachtendorf.<\/p>\n\n\n\n<p>Die St\u00e4rken des Krans sieht man bei Steil vor allen Dingen in seinen durchg\u00e4ngig hervorragenden Traglasten sowohl im nahen Bereich als auch bei gro\u00dfer Ausladung. Zudem ist er f\u00fcr Daniel G\u00f6dert mit seinem 80 Meter langen Hauptausleger optimal f\u00fcr den Aufbau von Hochkranen und Strommasten geeignet. Und noch eine Eigenschaft machte den Trierer Kranprofis die Entscheidung f\u00fcr den AC 6.300-1 leicht: \u201eWir haben nur das Grundger\u00e4t mit vollem Ballast und der Vorr\u00fcstung f\u00fcr die Spitze gekauft. Denn als Spitze k\u00f6nnen wir die unserer AC 300 Krane dank der Kompatibilit\u00e4t dieser Modelle nutzen. Das macht den AC 6.300-1 f\u00fcr uns nat\u00fcrlich besonders wirtschaftlich\u201c, erkl\u00e4rt Daniel G\u00f6dert.<\/p>\n\n\n\n<p>Steil wird den AC 6.300-1 haupts\u00e4chlich zur Vormontage von Windkraftanlagen und als Hilfskran zum Auf- und Abbau ihrer Raupenkrane einsetzen \u2013 und das sehr intensiv: Bis zum Jahresende ist der 6-Achser bereits komplett verplant.<\/p>\n","protected":false},"featured_media":25397,"parent":0,"template":"","news_topics":[183],"acf":[],"yoast_head":"<!-- This site is optimized with the Yoast SEO plugin v22.3 - https:\/\/yoast.com\/wordpress\/plugins\/seo\/ -->\n<title>Steil \u00fcbernimmt Tadano AC 6.300-1 All-Terrain-Kran<\/title>\n<meta name=\"robots\" content=\"index, follow, max-snippet:-1, max-image-preview:large, max-video-preview:-1\" \/>\n<link rel=\"canonical\" href=\"https:\/\/www.tadano.com\/dach\/de\/news\/steil-uebernimmt-tadano-ac-6-300-1-all-terrain-kran\/\" \/>\n<meta property=\"og:locale\" content=\"de_DE\" \/>\n<meta property=\"og:type\" content=\"article\" \/>\n<meta property=\"og:title\" content=\"Steil \u00fcbernimmt Tadano AC 6.300-1 All-Terrain-Kran\" \/>\n<meta property=\"og:description\" content=\"F\u00fcr Daniel G\u00f6dert, Gesch\u00e4ftsf\u00fchrer bei Steil, steht es au\u00dfer Frage: \u201eDer Tadano AC 6.300-1 z\u00e4hlt zweifellos zum Besten, was der Markt an 6-Achsern zu bieten hat\u201c, erkl\u00e4rte er bei der \u00dcbernahme des neuen Krans bei Tadano in Zweibr\u00fccken. \u00dcbergeben wurde der AC 6.300-1 vom Tadano Verkaufsleiter f\u00fcr Deutschland, \u00d6sterreich und die Schweiz, Frank Brachtendorf. Die [&hellip;]\" \/>\n<meta property=\"og:url\" content=\"https:\/\/www.tadano.com\/dach\/de\/news\/steil-uebernimmt-tadano-ac-6-300-1-all-terrain-kran\/\" \/>\n<meta property=\"og:site_name\" content=\"DACH\" \/>\n<meta property=\"og:image\" content=\"https:\/\/www.tadano.com\/dach\/wp-content\/uploads\/sites\/9\/2024\/04\/Steil_AC-6.300-1.jpg\" \/>\n\t<meta property=\"og:image:width\" content=\"1024\" \/>\n\t<meta property=\"og:image:height\" content=\"683\" \/>\n\t<meta property=\"og:image:type\" content=\"image\/jpeg\" \/>\n<meta name=\"twitter:card\" content=\"summary_large_image\" \/>\n<meta name=\"twitter:label1\" content=\"Gesch\u00e4tzte Lesezeit\" \/>\n\t<meta name=\"twitter:data1\" content=\"2\u00a0Minuten\" \/>\n<script type=\"application\/ld+json\" class=\"yoast-schema-graph\">{\"@context\":\"https:\/\/schema.org\",\"@graph\":[{\"@type\":\"WebPage\",\"@id\":\"https:\/\/www.tadano.com\/dach\/de\/news\/steil-uebernimmt-tadano-ac-6-300-1-all-terrain-kran\/\",\"url\":\"https:\/\/www.tadano.com\/dach\/de\/news\/steil-uebernimmt-tadano-ac-6-300-1-all-terrain-kran\/\",\"name\":\"Steil \u00fcbernimmt Tadano AC 6.300-1 All-Terrain-Kran\",\"isPartOf\":{\"@id\":\"https:\/\/www.tadano.com\/dach\/en\/#website\"},\"primaryImageOfPage\":{\"@id\":\"https:\/\/www.tadano.com\/dach\/de\/news\/steil-uebernimmt-tadano-ac-6-300-1-all-terrain-kran\/#primaryimage\"},\"image\":{\"@id\":\"https:\/\/www.tadano.com\/dach\/de\/news\/steil-uebernimmt-tadano-ac-6-300-1-all-terrain-kran\/#primaryimage\"},\"thumbnailUrl\":\"https:\/\/www.tadano.com\/dach\/wp-content\/uploads\/sites\/9\/2024\/04\/Steil_AC-6.300-1.jpg\",\"datePublished\":\"2024-04-11T11:41:30+00:00\",\"dateModified\":\"2024-04-11T11:41:30+00:00\",\"inLanguage\":\"de\",\"potentialAction\":[{\"@type\":\"ReadAction\",\"target\":[\"https:\/\/www.tadano.com\/dach\/de\/news\/steil-uebernimmt-tadano-ac-6-300-1-all-terrain-kran\/\"]}]},{\"@type\":\"ImageObject\",\"inLanguage\":\"de\",\"@id\":\"https:\/\/www.tadano.com\/dach\/de\/news\/steil-uebernimmt-tadano-ac-6-300-1-all-terrain-kran\/#primaryimage\",\"url\":\"https:\/\/www.tadano.com\/dach\/wp-content\/uploads\/sites\/9\/2024\/04\/Steil_AC-6.300-1.jpg\",\"contentUrl\":\"https:\/\/www.tadano.com\/dach\/wp-content\/uploads\/sites\/9\/2024\/04\/Steil_AC-6.300-1.jpg\",\"width\":1024,\"height\":683},{\"@type\":\"WebSite\",\"@id\":\"https:\/\/www.tadano.com\/dach\/en\/#website\",\"url\":\"https:\/\/www.tadano.com\/dach\/en\/\",\"name\":\"DACH\",\"description\":\"Just another TADANO EUROPE site\",\"potentialAction\":[{\"@type\":\"SearchAction\",\"target\":{\"@type\":\"EntryPoint\",\"urlTemplate\":\"https:\/\/www.tadano.com\/dach\/en\/?s={search_term_string}\"},\"query-input\":\"required name=search_term_string\"}],\"inLanguage\":\"de\"}]}<\/script>\n<!-- \/ Yoast SEO plugin. -->","yoast_head_json":{"title":"Steil \u00fcbernimmt Tadano AC 6.300-1 All-Terrain-Kran","robots":{"index":"index","follow":"follow","max-snippet":"max-snippet:-1","max-image-preview":"max-image-preview:large","max-video-preview":"max-video-preview:-1"},"canonical":"https:\/\/www.tadano.com\/dach\/de\/news\/steil-uebernimmt-tadano-ac-6-300-1-all-terrain-kran\/","og_locale":"de_DE","og_type":"article","og_title":"Steil \u00fcbernimmt Tadano AC 6.300-1 All-Terrain-Kran","og_description":"F\u00fcr Daniel G\u00f6dert, Gesch\u00e4ftsf\u00fchrer bei Steil, steht es au\u00dfer Frage: \u201eDer Tadano AC 6.300-1 z\u00e4hlt zweifellos zum Besten, was der Markt an 6-Achsern zu bieten hat\u201c, erkl\u00e4rte er bei der \u00dcbernahme des neuen Krans bei Tadano in Zweibr\u00fccken. \u00dcbergeben wurde der AC 6.300-1 vom Tadano Verkaufsleiter f\u00fcr Deutschland, \u00d6sterreich und die Schweiz, Frank Brachtendorf. Die [&hellip;]","og_url":"https:\/\/www.tadano.com\/dach\/de\/news\/steil-uebernimmt-tadano-ac-6-300-1-all-terrain-kran\/","og_site_name":"DACH","og_image":[{"width":1024,"height":683,"url":"https:\/\/www.tadano.com\/dach\/wp-content\/uploads\/sites\/9\/2024\/04\/Steil_AC-6.300-1.jpg","type":"image\/jpeg"}],"twitter_card":"summary_large_image","twitter_misc":{"Gesch\u00e4tzte Lesezeit":"2\u00a0Minuten"},"schema":{"@context":"https:\/\/schema.org","@graph":[{"@type":"WebPage","@id":"https:\/\/www.tadano.com\/dach\/de\/news\/steil-uebernimmt-tadano-ac-6-300-1-all-terrain-kran\/","url":"https:\/\/www.tadano.com\/dach\/de\/news\/steil-uebernimmt-tadano-ac-6-300-1-all-terrain-kran\/","name":"Steil \u00fcbernimmt Tadano AC 6.300-1 All-Terrain-Kran","isPartOf":{"@id":"https:\/\/www.tadano.com\/dach\/en\/#website"},"primaryImageOfPage":{"@id":"https:\/\/www.tadano.com\/dach\/de\/news\/steil-uebernimmt-tadano-ac-6-300-1-all-terrain-kran\/#primaryimage"},"image":{"@id":"https:\/\/www.tadano.com\/dach\/de\/news\/steil-uebernimmt-tadano-ac-6-300-1-all-terrain-kran\/#primaryimage"},"thumbnailUrl":"https:\/\/www.tadano.com\/dach\/wp-content\/uploads\/sites\/9\/2024\/04\/Steil_AC-6.300-1.jpg","datePublished":"2024-04-11T11:41:30+00:00","dateModified":"2024-04-11T11:41:30+00:00","inLanguage":"de","potentialAction":[{"@type":"ReadAction","target":["https:\/\/www.tadano.com\/dach\/de\/news\/steil-uebernimmt-tadano-ac-6-300-1-all-terrain-kran\/"]}]},{"@type":"ImageObject","inLanguage":"de","@id":"https:\/\/www.tadano.com\/dach\/de\/news\/steil-uebernimmt-tadano-ac-6-300-1-all-terrain-kran\/#primaryimage","url":"https:\/\/www.tadano.com\/dach\/wp-content\/uploads\/sites\/9\/2024\/04\/Steil_AC-6.300-1.jpg","contentUrl":"https:\/\/www.tadano.com\/dach\/wp-content\/uploads\/sites\/9\/2024\/04\/Steil_AC-6.300-1.jpg","width":1024,"height":683},{"@type":"WebSite","@id":"https:\/\/www.tadano.com\/dach\/en\/#website","url":"https:\/\/www.tadano.com\/dach\/en\/","name":"DACH","description":"Just another TADANO EUROPE site","potentialAction":[{"@type":"SearchAction","target":{"@type":"EntryPoint","urlTemplate":"https:\/\/www.tadano.com\/dach\/en\/?s={search_term_string}"},"query-input":"required name=search_term_string"}],"inLanguage":"de"}]}},"_links":{"self":[{"href":"https:\/\/www.tadano.com\/dach\/de\/wp-json\/wp\/v2\/news\/25400"}],"collection":[{"href":"https:\/\/www.tadano.com\/dach\/de\/wp-json\/wp\/v2\/news"}],"about":[{"href":"https:\/\/www.tadano.com\/dach\/de\/wp-json\/wp\/v2\/types\/news"}],"version-history":[{"count":0,"href":"https:\/\/www.tadano.com\/dach\/de\/wp-json\/wp\/v2\/news\/25400\/revisions"}],"wp:featuredmedia":[{"embeddable":true,"href":"https:\/\/www.tadano.com\/dach\/de\/wp-json\/wp\/v2\/media\/25397"}],"wp:attachment":[{"href":"https:\/\/www.tadano.com\/dach\/de\/wp-json\/wp\/v2\/media?parent=25400"}],"wp:term":[{"taxonomy":"news_topics","embeddable":true,"href":"https:\/\/www.tadano.com\/dach\/de\/wp-json\/wp\/v2\/news_topics?post=25400"}],"curies":[{"name":"wp","href":"https:\/\/api.w.org\/{rel}","templated":true}]}}