{"id":33553,"date":"2025-09-23T09:04:03","date_gmt":"2025-09-23T09:04:03","guid":{"rendered":"https:\/\/www.tadano.com\/dach\/news\/dornseiff-uebernimmt-weiteren-tadano-ac-3-045-1-city-kran\/"},"modified":"2025-09-23T12:27:06","modified_gmt":"2025-09-23T12:27:06","slug":"dornseiff-uebernimmt-weiteren-tadano-ac-3-045-1-city-kran","status":"publish","type":"news","link":"https:\/\/www.tadano.com\/dach\/de\/news\/dornseiff-uebernimmt-weiteren-tadano-ac-3-045-1-city-kran\/","title":{"rendered":"Dornseiff \u00fcbernimmt weiteren Tadano AC 3.045-1 City Kran"},"content":{"rendered":"\n<figure class=\"wp-block-image size-large\"><img decoding=\"async\" src=\"https:\/\/mediahub.tadano.com\/m\/506e7e96e8e69c9b\/original\/img_Tadano_Dronseiff_AC-3-045-1-City.jpeg\" alt=\"\"\/><figcaption class=\"wp-element-caption\">Von links nach rechts: Helge Pr\u00fcfer, Tadano Sales Manager, Marco W\u00f6ltering, Kranfahrer, Anja Reger, Betriebsleiterin Olpe, Dornseiff<\/figcaption><\/figure>\n\n\n\n<p>\u00dcber die Vorz\u00fcge der Tadano AC 3.045-1 City Krane wei\u00df man bei der Firma Dornseiff Autokrane und Schwertransporte bestens Bescheid: \u201eWir haben bereits seit l\u00e4ngerem drei Krane dieses Typs in unserer Flotte, und jetzt unseren \u00e4lteren AC 40 City gegen einen weiteren AC 3.045-1 City ausgetauscht\u201c, berichtet Anja Reger, Betriebsleiterin des Dornseiff Standorts Olpe, die den neuen Kran gemeinsam mit Kranfahrer Marco W\u00f6ltering in Lauf abgeholt hat. Besonders praktisch f\u00fcr das Unternehmen: Tadano hat den gebrauchten AC 40 City in Zahlung genommen, um ihn nach einer kompletten \u00dcberholung wieder zu verkaufen. \u00dcbergeben wurde der neue AC 3.045-1 von Tadano Sales Manager Helge Pr\u00fcfer.<\/p>\n\n\n\n<p><strong>Identische Konfiguration<\/strong><\/p>\n\n\n\n<p>Um alle drei Krane gleicherma\u00dfen flexibel einsetzen zu k\u00f6nnen, hat Dornseiff den Neuzugang mit derselben bew\u00e4hrten Konfiguration ausgestattet wie die anderen AC 3.045-1 City im Fuhrpark \u2013 inklusive einer 3-rolligen 1,2 Meter-Montagespitze, einer 15 Tonnen Kopftraverse mit Sch\u00e4kel und Haken, einer 25 Tonnen Hakentraverse und einer 32-3\/16\/D Unterflasche.<\/p>\n\n\n\n<p>So ausger\u00fcstet ist der AC 3.045-1 City bestens vorbereitet auf alle Aufgaben, die man bei Dornseiff f\u00fcr ihn vorgesehen hat: \u201eWir setzen den AC 3.045-1 haupts\u00e4chlich innerhalb von Geb\u00e4uden beispielsweise bei der Montage von Hallenkranen oder beim Versetzen von Maschinen ein. Dabei ist er einfach unschlagbar stark \u2013 nicht zuletzt wegen seiner kompakten Bauform. Denn diese Arbeiten lassen sich mit All-Terrain-Kranen aufgrund deren Gr\u00f6\u00dfe meist gar nicht erledigen\u201c, nennt Anja Reger einen entscheidenden Vorteil des AC 3.045-1 City, der damit f\u00fcr enge Arbeitsbereiche, niedrige Deckenh\u00f6hen und schwierige Baustellenzug\u00e4nge geradezu pr\u00e4destiniert ist. \u201eViele konventionelle Mobilkrane sto\u00dfen hier an ihre Grenzen\u201c, erkl\u00e4rt Reger. \u201eDer Tadano City-Kran meistert Arbeiten in diesem anspruchsvollen Umfeld jedoch mit Bravour!\u201c<\/p>\n","protected":false},"featured_media":0,"parent":0,"template":"","news_topics":[183],"acf":[],"yoast_head":"<!-- This site is optimized with the Yoast SEO plugin v22.3 - https:\/\/yoast.com\/wordpress\/plugins\/seo\/ -->\n<title>Dornseiff \u00fcbernimmt weiteren Tadano AC 3.045-1 City Kran<\/title>\n<meta name=\"robots\" content=\"index, follow, max-snippet:-1, max-image-preview:large, max-video-preview:-1\" \/>\n<link rel=\"canonical\" href=\"https:\/\/www.tadano.com\/dach\/de\/news\/dornseiff-uebernimmt-weiteren-tadano-ac-3-045-1-city-kran\/\" \/>\n<meta property=\"og:locale\" content=\"de_DE\" \/>\n<meta property=\"og:type\" content=\"article\" \/>\n<meta property=\"og:title\" content=\"Dornseiff \u00fcbernimmt weiteren Tadano AC 3.045-1 City Kran\" \/>\n<meta property=\"og:description\" content=\"\u00dcber die Vorz\u00fcge der Tadano AC 3.045-1 City Krane wei\u00df man bei der Firma Dornseiff Autokrane und Schwertransporte bestens Bescheid: \u201eWir haben bereits seit l\u00e4ngerem drei Krane dieses Typs in unserer Flotte, und jetzt unseren \u00e4lteren AC 40 City gegen einen weiteren AC 3.045-1 City ausgetauscht\u201c, berichtet Anja Reger, Betriebsleiterin des Dornseiff Standorts Olpe, die [&hellip;]\" \/>\n<meta property=\"og:url\" content=\"https:\/\/www.tadano.com\/dach\/de\/news\/dornseiff-uebernimmt-weiteren-tadano-ac-3-045-1-city-kran\/\" \/>\n<meta property=\"og:site_name\" content=\"DACH\" \/>\n<meta property=\"article:modified_time\" content=\"2025-09-23T12:27:06+00:00\" \/>\n<meta property=\"og:image\" content=\"https:\/\/mediahub.tadano.com\/m\/506e7e96e8e69c9b\/original\/img_Tadano_Dronseiff_AC-3-045-1-City.jpeg\" \/>\n<meta name=\"twitter:card\" content=\"summary_large_image\" \/>\n<meta name=\"twitter:label1\" content=\"Gesch\u00e4tzte Lesezeit\" \/>\n\t<meta name=\"twitter:data1\" content=\"2\u00a0Minuten\" \/>\n<script type=\"application\/ld+json\" class=\"yoast-schema-graph\">{\"@context\":\"https:\/\/schema.org\",\"@graph\":[{\"@type\":\"WebPage\",\"@id\":\"https:\/\/www.tadano.com\/dach\/de\/news\/dornseiff-uebernimmt-weiteren-tadano-ac-3-045-1-city-kran\/\",\"url\":\"https:\/\/www.tadano.com\/dach\/de\/news\/dornseiff-uebernimmt-weiteren-tadano-ac-3-045-1-city-kran\/\",\"name\":\"Dornseiff \u00fcbernimmt weiteren Tadano AC 3.045-1 City Kran\",\"isPartOf\":{\"@id\":\"https:\/\/www.tadano.com\/dach\/en\/#website\"},\"primaryImageOfPage\":{\"@id\":\"https:\/\/www.tadano.com\/dach\/de\/news\/dornseiff-uebernimmt-weiteren-tadano-ac-3-045-1-city-kran\/#primaryimage\"},\"image\":{\"@id\":\"https:\/\/www.tadano.com\/dach\/de\/news\/dornseiff-uebernimmt-weiteren-tadano-ac-3-045-1-city-kran\/#primaryimage\"},\"thumbnailUrl\":\"https:\/\/mediahub.tadano.com\/m\/506e7e96e8e69c9b\/original\/img_Tadano_Dronseiff_AC-3-045-1-City.jpeg\",\"datePublished\":\"2025-09-23T09:04:03+00:00\",\"dateModified\":\"2025-09-23T12:27:06+00:00\",\"inLanguage\":\"de\",\"potentialAction\":[{\"@type\":\"ReadAction\",\"target\":[\"https:\/\/www.tadano.com\/dach\/de\/news\/dornseiff-uebernimmt-weiteren-tadano-ac-3-045-1-city-kran\/\"]}]},{\"@type\":\"ImageObject\",\"inLanguage\":\"de\",\"@id\":\"https:\/\/www.tadano.com\/dach\/de\/news\/dornseiff-uebernimmt-weiteren-tadano-ac-3-045-1-city-kran\/#primaryimage\",\"url\":\"https:\/\/mediahub.tadano.com\/m\/506e7e96e8e69c9b\/original\/img_Tadano_Dronseiff_AC-3-045-1-City.jpeg\",\"contentUrl\":\"https:\/\/mediahub.tadano.com\/m\/506e7e96e8e69c9b\/original\/img_Tadano_Dronseiff_AC-3-045-1-City.jpeg\"},{\"@type\":\"WebSite\",\"@id\":\"https:\/\/www.tadano.com\/dach\/en\/#website\",\"url\":\"https:\/\/www.tadano.com\/dach\/en\/\",\"name\":\"DACH\",\"description\":\"Just another TADANO EUROPE site\",\"potentialAction\":[{\"@type\":\"SearchAction\",\"target\":{\"@type\":\"EntryPoint\",\"urlTemplate\":\"https:\/\/www.tadano.com\/dach\/en\/?s={search_term_string}\"},\"query-input\":\"required name=search_term_string\"}],\"inLanguage\":\"de\"}]}<\/script>\n<!-- \/ Yoast SEO plugin. -->","yoast_head_json":{"title":"Dornseiff \u00fcbernimmt weiteren Tadano AC 3.045-1 City Kran","robots":{"index":"index","follow":"follow","max-snippet":"max-snippet:-1","max-image-preview":"max-image-preview:large","max-video-preview":"max-video-preview:-1"},"canonical":"https:\/\/www.tadano.com\/dach\/de\/news\/dornseiff-uebernimmt-weiteren-tadano-ac-3-045-1-city-kran\/","og_locale":"de_DE","og_type":"article","og_title":"Dornseiff \u00fcbernimmt weiteren Tadano AC 3.045-1 City Kran","og_description":"\u00dcber die Vorz\u00fcge der Tadano AC 3.045-1 City Krane wei\u00df man bei der Firma Dornseiff Autokrane und Schwertransporte bestens Bescheid: \u201eWir haben bereits seit l\u00e4ngerem drei Krane dieses Typs in unserer Flotte, und jetzt unseren \u00e4lteren AC 40 City gegen einen weiteren AC 3.045-1 City ausgetauscht\u201c, berichtet Anja Reger, Betriebsleiterin des Dornseiff Standorts Olpe, die [&hellip;]","og_url":"https:\/\/www.tadano.com\/dach\/de\/news\/dornseiff-uebernimmt-weiteren-tadano-ac-3-045-1-city-kran\/","og_site_name":"DACH","article_modified_time":"2025-09-23T12:27:06+00:00","og_image":[{"url":"https:\/\/mediahub.tadano.com\/m\/506e7e96e8e69c9b\/original\/img_Tadano_Dronseiff_AC-3-045-1-City.jpeg"}],"twitter_card":"summary_large_image","twitter_misc":{"Gesch\u00e4tzte Lesezeit":"2\u00a0Minuten"},"schema":{"@context":"https:\/\/schema.org","@graph":[{"@type":"WebPage","@id":"https:\/\/www.tadano.com\/dach\/de\/news\/dornseiff-uebernimmt-weiteren-tadano-ac-3-045-1-city-kran\/","url":"https:\/\/www.tadano.com\/dach\/de\/news\/dornseiff-uebernimmt-weiteren-tadano-ac-3-045-1-city-kran\/","name":"Dornseiff \u00fcbernimmt weiteren Tadano AC 3.045-1 City Kran","isPartOf":{"@id":"https:\/\/www.tadano.com\/dach\/en\/#website"},"primaryImageOfPage":{"@id":"https:\/\/www.tadano.com\/dach\/de\/news\/dornseiff-uebernimmt-weiteren-tadano-ac-3-045-1-city-kran\/#primaryimage"},"image":{"@id":"https:\/\/www.tadano.com\/dach\/de\/news\/dornseiff-uebernimmt-weiteren-tadano-ac-3-045-1-city-kran\/#primaryimage"},"thumbnailUrl":"https:\/\/mediahub.tadano.com\/m\/506e7e96e8e69c9b\/original\/img_Tadano_Dronseiff_AC-3-045-1-City.jpeg","datePublished":"2025-09-23T09:04:03+00:00","dateModified":"2025-09-23T12:27:06+00:00","inLanguage":"de","potentialAction":[{"@type":"ReadAction","target":["https:\/\/www.tadano.com\/dach\/de\/news\/dornseiff-uebernimmt-weiteren-tadano-ac-3-045-1-city-kran\/"]}]},{"@type":"ImageObject","inLanguage":"de","@id":"https:\/\/www.tadano.com\/dach\/de\/news\/dornseiff-uebernimmt-weiteren-tadano-ac-3-045-1-city-kran\/#primaryimage","url":"https:\/\/mediahub.tadano.com\/m\/506e7e96e8e69c9b\/original\/img_Tadano_Dronseiff_AC-3-045-1-City.jpeg","contentUrl":"https:\/\/mediahub.tadano.com\/m\/506e7e96e8e69c9b\/original\/img_Tadano_Dronseiff_AC-3-045-1-City.jpeg"},{"@type":"WebSite","@id":"https:\/\/www.tadano.com\/dach\/en\/#website","url":"https:\/\/www.tadano.com\/dach\/en\/","name":"DACH","description":"Just another TADANO EUROPE site","potentialAction":[{"@type":"SearchAction","target":{"@type":"EntryPoint","urlTemplate":"https:\/\/www.tadano.com\/dach\/en\/?s={search_term_string}"},"query-input":"required name=search_term_string"}],"inLanguage":"de"}]}},"_links":{"self":[{"href":"https:\/\/www.tadano.com\/dach\/de\/wp-json\/wp\/v2\/news\/33553"}],"collection":[{"href":"https:\/\/www.tadano.com\/dach\/de\/wp-json\/wp\/v2\/news"}],"about":[{"href":"https:\/\/www.tadano.com\/dach\/de\/wp-json\/wp\/v2\/types\/news"}],"version-history":[{"count":0,"href":"https:\/\/www.tadano.com\/dach\/de\/wp-json\/wp\/v2\/news\/33553\/revisions"}],"wp:attachment":[{"href":"https:\/\/www.tadano.com\/dach\/de\/wp-json\/wp\/v2\/media?parent=33553"}],"wp:term":[{"taxonomy":"news_topics","embeddable":true,"href":"https:\/\/www.tadano.com\/dach\/de\/wp-json\/wp\/v2\/news_topics?post=33553"}],"curies":[{"name":"wp","href":"https:\/\/api.w.org\/{rel}","templated":true}]}}