{"id":3576,"date":"2021-08-04T13:00:00","date_gmt":"2021-08-04T13:00:00","guid":{"rendered":"https:\/\/www.tadano.com\/espana-y-portugal\/en\/news\/doble-actualizacion-de-gruas-todo-terreno-tadano\/"},"modified":"2023-12-11T12:22:07","modified_gmt":"2023-12-11T12:22:07","slug":"doble-actualizacion-de-gruas-todo-terreno-tadano","status":"publish","type":"news","link":"https:\/\/www.tadano.com\/espana-y-portugal\/es\/news\/doble-actualizacion-de-gruas-todo-terreno-tadano\/","title":{"rendered":"Doble actualizaci\u00f3n de gr\u00faas todo terreno Tadano"},"content":{"rendered":"\n<figure class=\"wp-block-image size-large\"><img decoding=\"async\" src=\"https:\/\/assets.onetadano.com\/celum_assets\/AC4.110-1_AC5.120-1.jpg\" alt=\"\"\/><\/figure>\n\n\n\n<p>El fabricante de gr\u00faas m\u00f3viles Tadano apuesta por la actualizaci\u00f3n, renovando los dos modelos de cuatro y cinco ejes de las clases de 100 a 120 t. Una renovaci\u00f3n que va mucho m\u00e1s all\u00e1 de la nueva denominaci\u00f3n. Gracias a la nueva pluma a\u00fan m\u00e1s robusta, con la que tambi\u00e9n est\u00e1 equipada la <strong><a href=\"https:\/\/www.tadano.com\/espana-y-portugal\/es\/equipos-de-elevacion\/gruas-todo-terreno\/ac-5-120-1\/\">AC 5.120-1<\/a><\/strong>, la \u00e1gil <strong><a href=\"https:\/\/www.tadano.com\/espana-y-portugal\/es\/equipos-de-elevacion\/gruas-todo-terreno\/ac-4-110-1\/\">AC 4.110-1<\/a><\/strong> ha aumentado su capacidad de carga sin cambiar su peso total. Esta gr\u00faa de cinco ejes AC 5.120-1 contin\u00faa destacando por su pr\u00e1ctica carga por eje de 10&nbsp;t para el uso diario.<\/p>\n\n\n\n<p>Como parte de su reestructuraci\u00f3n, a lo largo del a\u00f1o, Tadano ir\u00e1 armonizando la denominaci\u00f3n de sus modelos de gr\u00faas m\u00f3viles. Las nuevas AC 4.110-1 y AC 5.120-1 ya anticipan la denominaci\u00f3n actualizada.<\/p>\n\n\n\n<p><strong>Pluma m\u00e1s robusta para una mayor capacidad de carga<\/strong><strong><\/strong><\/p>\n\n\n\n<p>La principal caracter\u00edstica de ambas gr\u00faas es la nueva pluma principal m\u00e1s robusta. Gracias a esta, Tadano puede ofrecer un plus de capacidad de carga. Con la pluma principal totalmente extendida, ambos modelos pueden elevar ahora 10 toneladas, lo que supone un aumento del 37% en la capacidad de elevaci\u00f3n con respecto a los anteriores modelos ATF-100-4.1 y ATF-120-5.1.<\/p>\n\n\n\n<p><strong>Mayor zona de trabajo para una menor distancia<\/strong><strong><\/strong><\/p>\n\n\n\n<p>Con la extensi\u00f3n de pluma, ambas gr\u00faas presentan ahora una mayor zona de trabajo. Un alcance forzado m\u00ednimo, m\u00e1s altura de elevaci\u00f3n y un \u00e1ngulo de pluma de 84.7\u00b0 permiten trabajar m\u00e1s cerca de la gr\u00faa. Esto hace que ambas gr\u00faas sean a\u00fan m\u00e1s adecuadas para obras confinadas y para trabajar a gran altura.<\/p>\n\n\n\n<p><strong>Soluciones flexibles para extensiones<\/strong><strong><\/strong><\/p>\n\n\n\n<p>Adem\u00e1s de la mayor capacidad de elevaci\u00f3n, las AC 4.110-1 y AC 5.120-1 se benefician de una extensi\u00f3n de pluma principal (HAV) actualizada. Gracias a su reducida complejidad, esta se pude instalar de forma especialmente r\u00e1pida. La extensi\u00f3n de pluma principal de las ATF-100-4.1 y ATF-120-5.1, incluyendo plum\u00edn de montaje, contin\u00faa estando disponible. Ambas versiones de HAV se benefician ahora de la reducci\u00f3n del radio m\u00ednimo en la posici\u00f3n 0\u00b0.<\/p>\n\n\n\n<p><strong>Datos t\u00e9cnicos Tadano AC 4.110-1<\/strong><strong><\/strong><\/p>\n\n\n\n<ul><li>Capacidad de carga m\u00e1x.: 110 t<\/li><li>Pluma: 11,4 m \u2013 60 m<\/li><li>Extensi\u00f3n de pluma principal: 3,7 m \/ 10,1 m \u2013 31,9 m<\/li><li>Altura de polea m\u00e1x.: 91,5 m<\/li><li>Radio m\u00e1x.: 68 m<\/li><li>Motor veh\u00edculo: Mercedes-Benz OM&nbsp;470&nbsp;LA, 340&nbsp;kW, fase&nbsp;5&nbsp;UE<\/li><li>Motor superestructura: Mercedes-Benz OM&nbsp;934&nbsp;LA, 129&nbsp;kW, fase&nbsp;5&nbsp;UE<\/li><li>Transmisi\u00f3n: ZF TraXon 12.1<\/li><li>Tracci\u00f3n: 8&nbsp;x&nbsp;6&nbsp;x&nbsp;8 (8&nbsp;x&nbsp;8&nbsp;x&nbsp;8)<\/li><li>Dimensiones<\/li><li>Longitud: 13,12 m<\/li><li>Anchura: 2,75 m<\/li><li>Altura: 3,97 m<\/li><\/ul>\n\n\n\n<p><strong>Datos t\u00e9cnicos Tadano AC 5.120-1<\/strong><strong><\/strong><\/p>\n\n\n\n<ul><li>Capacidad de carga m\u00e1x.: 120 t<\/li><li>Pluma: 11,4 m \u2013 60 m<\/li><li>Extensi\u00f3n de pluma principal: 3,7 m \/ 10,1 m \u2013 31,9 m<\/li><li>Altura de polea m\u00e1x.: 91,5 m<\/li><li>Radio m\u00e1x.: 68 m<\/li><li>Motor veh\u00edculo: Mercedes-Benz OM&nbsp;470&nbsp;LA, 340&nbsp;kW, fase&nbsp;5&nbsp;UE<\/li><li>Motor superestructura: Mercedes-Benz OM&nbsp;934&nbsp;LA, 129&nbsp;kW, fase&nbsp;5&nbsp;UE<\/li><li>Transmisi\u00f3n: ZF TraXon 12.1<\/li><li>Tracci\u00f3n: 10&nbsp;x&nbsp;6&nbsp;x&nbsp;10 (10&nbsp;x&nbsp;8&nbsp;x&nbsp;10)<\/li><li>Dimensiones<\/li><li>Longitud: 13,53 m<\/li><li>Anchura: 2,75 m<\/li><li>Altura: 3,99 m<\/li><\/ul>\n","protected":false},"featured_media":0,"parent":0,"template":"","news_topics":[201],"acf":[],"yoast_head":"<!-- This site is optimized with the Yoast SEO plugin v22.3 - https:\/\/yoast.com\/wordpress\/plugins\/seo\/ -->\n<title>Doble actualizaci\u00f3n de gr\u00faas todo terreno Tadano - Spain &amp; Portugal<\/title>\n<meta name=\"robots\" content=\"index, follow, max-snippet:-1, max-image-preview:large, max-video-preview:-1\" \/>\n<link rel=\"canonical\" href=\"https:\/\/www.tadano.com\/espana-y-portugal\/es\/about\/news\/doble-actualizacion-de-gruas-todo-terreno-tadano\/\" \/>\n<meta property=\"og:locale\" content=\"es_ES\" \/>\n<meta property=\"og:type\" content=\"article\" \/>\n<meta property=\"og:title\" content=\"Doble actualizaci\u00f3n de gr\u00faas todo terreno Tadano - Spain &amp; Portugal\" \/>\n<meta property=\"og:description\" content=\"El fabricante de gr\u00faas m\u00f3viles Tadano apuesta por la actualizaci\u00f3n, renovando los dos modelos de cuatro y cinco ejes de las clases de 100 a 120 t. Una renovaci\u00f3n que va mucho m\u00e1s all\u00e1 de la nueva denominaci\u00f3n. Gracias a la nueva pluma a\u00fan m\u00e1s robusta, con la que tambi\u00e9n est\u00e1 equipada la AC 5.120-1, [&hellip;]\" \/>\n<meta property=\"og:url\" content=\"https:\/\/www.tadano.com\/espana-y-portugal\/es\/about\/news\/doble-actualizacion-de-gruas-todo-terreno-tadano\/\" \/>\n<meta property=\"og:site_name\" content=\"Spain &amp; Portugal\" \/>\n<meta property=\"article:modified_time\" content=\"2023-12-11T12:22:07+00:00\" \/>\n<meta property=\"og:image\" content=\"https:\/\/assets.onetadano.com\/celum_assets\/AC4.110-1_AC5.120-1.jpg\" \/>\n<meta name=\"twitter:card\" content=\"summary_large_image\" \/>\n<meta name=\"twitter:label1\" content=\"Tiempo de lectura\" \/>\n\t<meta name=\"twitter:data1\" content=\"3 minutos\" \/>\n<script type=\"application\/ld+json\" class=\"yoast-schema-graph\">{\"@context\":\"https:\/\/schema.org\",\"@graph\":[{\"@type\":\"WebPage\",\"@id\":\"https:\/\/www.tadano.com\/espana-y-portugal\/es\/about\/news\/doble-actualizacion-de-gruas-todo-terreno-tadano\/\",\"url\":\"https:\/\/www.tadano.com\/espana-y-portugal\/es\/about\/news\/doble-actualizacion-de-gruas-todo-terreno-tadano\/\",\"name\":\"Doble actualizaci\u00f3n de gr\u00faas todo terreno Tadano - Spain &amp; Portugal\",\"isPartOf\":{\"@id\":\"https:\/\/www.tadano.com\/espana-y-portugal\/en\/#website\"},\"primaryImageOfPage\":{\"@id\":\"https:\/\/www.tadano.com\/espana-y-portugal\/es\/about\/news\/doble-actualizacion-de-gruas-todo-terreno-tadano\/#primaryimage\"},\"image\":{\"@id\":\"https:\/\/www.tadano.com\/espana-y-portugal\/es\/about\/news\/doble-actualizacion-de-gruas-todo-terreno-tadano\/#primaryimage\"},\"thumbnailUrl\":\"https:\/\/assets.onetadano.com\/celum_assets\/AC4.110-1_AC5.120-1.jpg\",\"datePublished\":\"2021-08-04T13:00:00+00:00\",\"dateModified\":\"2023-12-11T12:22:07+00:00\",\"inLanguage\":\"es\",\"potentialAction\":[{\"@type\":\"ReadAction\",\"target\":[\"https:\/\/www.tadano.com\/espana-y-portugal\/es\/about\/news\/doble-actualizacion-de-gruas-todo-terreno-tadano\/\"]}]},{\"@type\":\"ImageObject\",\"inLanguage\":\"es\",\"@id\":\"https:\/\/www.tadano.com\/espana-y-portugal\/es\/about\/news\/doble-actualizacion-de-gruas-todo-terreno-tadano\/#primaryimage\",\"url\":\"https:\/\/assets.onetadano.com\/celum_assets\/AC4.110-1_AC5.120-1.jpg\",\"contentUrl\":\"https:\/\/assets.onetadano.com\/celum_assets\/AC4.110-1_AC5.120-1.jpg\"},{\"@type\":\"WebSite\",\"@id\":\"https:\/\/www.tadano.com\/espana-y-portugal\/en\/#website\",\"url\":\"https:\/\/www.tadano.com\/espana-y-portugal\/en\/\",\"name\":\"Spain &amp; Portugal\",\"description\":\"Just another TADANO EUROPE site\",\"potentialAction\":[{\"@type\":\"SearchAction\",\"target\":{\"@type\":\"EntryPoint\",\"urlTemplate\":\"https:\/\/www.tadano.com\/espana-y-portugal\/en\/?s={search_term_string}\"},\"query-input\":\"required name=search_term_string\"}],\"inLanguage\":\"es\"}]}<\/script>\n<!-- \/ Yoast SEO plugin. -->","yoast_head_json":{"title":"Doble actualizaci\u00f3n de gr\u00faas todo terreno Tadano - Spain &amp; Portugal","robots":{"index":"index","follow":"follow","max-snippet":"max-snippet:-1","max-image-preview":"max-image-preview:large","max-video-preview":"max-video-preview:-1"},"canonical":"https:\/\/www.tadano.com\/espana-y-portugal\/es\/about\/news\/doble-actualizacion-de-gruas-todo-terreno-tadano\/","og_locale":"es_ES","og_type":"article","og_title":"Doble actualizaci\u00f3n de gr\u00faas todo terreno Tadano - Spain &amp; Portugal","og_description":"El fabricante de gr\u00faas m\u00f3viles Tadano apuesta por la actualizaci\u00f3n, renovando los dos modelos de cuatro y cinco ejes de las clases de 100 a 120 t. Una renovaci\u00f3n que va mucho m\u00e1s all\u00e1 de la nueva denominaci\u00f3n. Gracias a la nueva pluma a\u00fan m\u00e1s robusta, con la que tambi\u00e9n est\u00e1 equipada la AC 5.120-1, [&hellip;]","og_url":"https:\/\/www.tadano.com\/espana-y-portugal\/es\/about\/news\/doble-actualizacion-de-gruas-todo-terreno-tadano\/","og_site_name":"Spain &amp; Portugal","article_modified_time":"2023-12-11T12:22:07+00:00","og_image":[{"url":"https:\/\/assets.onetadano.com\/celum_assets\/AC4.110-1_AC5.120-1.jpg"}],"twitter_card":"summary_large_image","twitter_misc":{"Tiempo de lectura":"3 minutos"},"schema":{"@context":"https:\/\/schema.org","@graph":[{"@type":"WebPage","@id":"https:\/\/www.tadano.com\/espana-y-portugal\/es\/about\/news\/doble-actualizacion-de-gruas-todo-terreno-tadano\/","url":"https:\/\/www.tadano.com\/espana-y-portugal\/es\/about\/news\/doble-actualizacion-de-gruas-todo-terreno-tadano\/","name":"Doble actualizaci\u00f3n de gr\u00faas todo terreno Tadano - Spain &amp; Portugal","isPartOf":{"@id":"https:\/\/www.tadano.com\/espana-y-portugal\/en\/#website"},"primaryImageOfPage":{"@id":"https:\/\/www.tadano.com\/espana-y-portugal\/es\/about\/news\/doble-actualizacion-de-gruas-todo-terreno-tadano\/#primaryimage"},"image":{"@id":"https:\/\/www.tadano.com\/espana-y-portugal\/es\/about\/news\/doble-actualizacion-de-gruas-todo-terreno-tadano\/#primaryimage"},"thumbnailUrl":"https:\/\/assets.onetadano.com\/celum_assets\/AC4.110-1_AC5.120-1.jpg","datePublished":"2021-08-04T13:00:00+00:00","dateModified":"2023-12-11T12:22:07+00:00","inLanguage":"es","potentialAction":[{"@type":"ReadAction","target":["https:\/\/www.tadano.com\/espana-y-portugal\/es\/about\/news\/doble-actualizacion-de-gruas-todo-terreno-tadano\/"]}]},{"@type":"ImageObject","inLanguage":"es","@id":"https:\/\/www.tadano.com\/espana-y-portugal\/es\/about\/news\/doble-actualizacion-de-gruas-todo-terreno-tadano\/#primaryimage","url":"https:\/\/assets.onetadano.com\/celum_assets\/AC4.110-1_AC5.120-1.jpg","contentUrl":"https:\/\/assets.onetadano.com\/celum_assets\/AC4.110-1_AC5.120-1.jpg"},{"@type":"WebSite","@id":"https:\/\/www.tadano.com\/espana-y-portugal\/en\/#website","url":"https:\/\/www.tadano.com\/espana-y-portugal\/en\/","name":"Spain &amp; Portugal","description":"Just another TADANO EUROPE site","potentialAction":[{"@type":"SearchAction","target":{"@type":"EntryPoint","urlTemplate":"https:\/\/www.tadano.com\/espana-y-portugal\/en\/?s={search_term_string}"},"query-input":"required name=search_term_string"}],"inLanguage":"es"}]}},"_links":{"self":[{"href":"https:\/\/www.tadano.com\/espana-y-portugal\/es\/wp-json\/wp\/v2\/news\/3576"}],"collection":[{"href":"https:\/\/www.tadano.com\/espana-y-portugal\/es\/wp-json\/wp\/v2\/news"}],"about":[{"href":"https:\/\/www.tadano.com\/espana-y-portugal\/es\/wp-json\/wp\/v2\/types\/news"}],"version-history":[{"count":0,"href":"https:\/\/www.tadano.com\/espana-y-portugal\/es\/wp-json\/wp\/v2\/news\/3576\/revisions"}],"wp:attachment":[{"href":"https:\/\/www.tadano.com\/espana-y-portugal\/es\/wp-json\/wp\/v2\/media?parent=3576"}],"wp:term":[{"taxonomy":"news_topics","embeddable":true,"href":"https:\/\/www.tadano.com\/espana-y-portugal\/es\/wp-json\/wp\/v2\/news_topics?post=3576"}],"curies":[{"name":"wp","href":"https:\/\/api.w.org\/{rel}","templated":true}]}}